{"id":1868,"date":"2023-02-07T18:26:04","date_gmt":"2023-02-07T17:26:04","guid":{"rendered":"https:\/\/oq3rebfwlb.preview.infomaniak.website\/?post_type=news-post&#038;p=1868"},"modified":"2024-04-05T10:46:59","modified_gmt":"2024-04-05T08:46:59","slug":"ouverture-dalaia-bay-le-3-mars-2023","status":"publish","type":"news-post","link":"https:\/\/alaia.ch\/bay\/news-post\/ouverture-dalaia-bay-le-3-mars-2023\/","title":{"rendered":"OUVERTURE D\u2019ALA\u00cfA BAY LE 3 MARS 2023"},"content":{"rendered":"<p><img loading=\"lazy\" decoding=\"async\" class=\"aligncenter size-full wp-image-1869\" src=\"https:\/\/alaia.ch\/bay\/wp-content\/uploads\/2024\/03\/Alaia-Bay-Opening.jpg\" alt=\"Alaia Bay Opening 2023\" width=\"1400\" height=\"933\" srcset=\"https:\/\/alaia.ch\/bay\/wp-content\/uploads\/2024\/03\/Alaia-Bay-Opening.jpg 1400w, https:\/\/alaia.ch\/bay\/wp-content\/uploads\/2024\/03\/Alaia-Bay-Opening-300x200.jpg 300w, https:\/\/alaia.ch\/bay\/wp-content\/uploads\/2024\/03\/Alaia-Bay-Opening-1024x682.jpg 1024w, https:\/\/alaia.ch\/bay\/wp-content\/uploads\/2024\/03\/Alaia-Bay-Opening-768x512.jpg 768w\" sizes=\"auto, (max-width: 1400px) 100vw, 1400px\" \/><\/p>\n<p>&nbsp;<\/p>\n<p>ALA\u00cfA BAY vous accueille \u00e0 nouveau d\u00e8s le mois de mars, du mercredi au dimanche, pour des sessions de surf du niveau Malibu \u00e0 Beast. Les cours D\u00e9butants et Waikiki, qui n\u00e9cessitent un accompagnement dans l\u2019eau par nos moniteurs, seront disponibles au public d\u00e8s le 1er avril.<\/p>\n<p>&nbsp;<\/p>\n<h4><strong>Les horaires d\u2019ouverture d\u2019Ala\u00efa Bay du 3 au 31 mars sont les suivants :<\/strong><\/h4>\n<p>\u2022 Lundi et Mardi : ferm\u00e9 (ouverture sur demande en privatisation)<br \/>\n\u2022 Mercredi et Jeudi : 11h \u2013 18h<br \/>\n\u2022 Vendredi : 11h \u2013 19h<br \/>\n\u2022 Samedi : 10h \u2013 19h<br \/>\n\u2022 Dimanche : 10h \u2013 18h<\/p>\n<p>La r\u00e9ception d\u2019Ala\u00efa Bay ouvre toujours 1h avant la premi\u00e8re session et 30min apr\u00e8s la fin de la derni\u00e8re session.<\/p>\n<p>&nbsp;<\/p>\n<h4><strong>Le restaurant Twin Fin ouvrira \u00e9galement ses portes pour faire le plein d\u2019\u00e9nergie apr\u00e8s une session ou simplement pour admirer les surfeurs en action.<\/strong><\/h4>\n<p>\u2022 Lundi, Mercredi au Vendredi : 10h \u2013 22h<br \/>\n\u2022 Mardi : ferm\u00e9<br \/>\n\u2022 Samedi et Dimanche : 9h \u2013 22h<\/p>\n<p>&nbsp;<\/p>\n<p>Vous pouvez d\u00e8s \u00e0 pr\u00e9sent r\u00e9server la session de votre choix sur notre site !<\/p>\n<p>Toute l\u2019\u00e9quipe d\u2019Ala\u00efa Bay se r\u00e9jouit de vous accueillir \u00e0 nouveau et se r\u00e9jouit de cette 3\u00e8me saison !<\/p>\n","protected":false},"excerpt":{"rendered":"<p>ALA\u00cfA BAY vous accueille \u00e0 nouveau d\u00e8s le mois de mars, du mercredi au dimanche, pour des sessions de surf du niveau Malibu \u00e0 Beast. Les cours D\u00e9butants et Waikiki, qui n\u00e9cessitent un accompagnement dans l\u2019eau par nos moniteurs, seront disponibles au public d\u00e8s le 1er avril.<\/p>\n","protected":false},"featured_media":1869,"template":"","class_list":["post-1868","news-post","type-news-post","status-publish","has-post-thumbnail","hentry","entry"],"acf":[],"yoast_head":"<!-- This site is optimized with the Yoast SEO plugin v27.3 - https:\/\/yoast.com\/product\/yoast-seo-wordpress\/ -->\n<title>OUVERTURE D\u2019ALA\u00cfA BAY LE 3 MARS 2023 - Ala\u00efa Bay<\/title>\n<meta name=\"robots\" content=\"index, follow, max-snippet:-1, max-image-preview:large, max-video-preview:-1\" \/>\n<link rel=\"canonical\" href=\"https:\/\/alaia.ch\/bay\/news-post\/ouverture-dalaia-bay-le-3-mars-2023\/\" \/>\n<meta property=\"og:locale\" content=\"fr_FR\" \/>\n<meta property=\"og:type\" content=\"article\" \/>\n<meta property=\"og:title\" content=\"OUVERTURE D\u2019ALA\u00cfA BAY LE 3 MARS 2023 - Ala\u00efa Bay\" \/>\n<meta property=\"og:description\" content=\"ALA\u00cfA BAY vous accueille \u00e0 nouveau d\u00e8s le mois de mars, du mercredi au dimanche, pour des sessions de surf du niveau Malibu \u00e0 Beast. Les cours D\u00e9butants et Waikiki, qui n\u00e9cessitent un accompagnement dans l\u2019eau par nos moniteurs, seront disponibles au public d\u00e8s le 1er avril.\" \/>\n<meta property=\"og:url\" content=\"https:\/\/alaia.ch\/bay\/news-post\/ouverture-dalaia-bay-le-3-mars-2023\/\" \/>\n<meta property=\"og:site_name\" content=\"Ala\u00efa Bay\" \/>\n<meta property=\"article:publisher\" content=\"https:\/\/www.facebook.com\/alaia.bay\/\" \/>\n<meta property=\"article:modified_time\" content=\"2024-04-05T08:46:59+00:00\" \/>\n<meta property=\"og:image\" content=\"https:\/\/alaia.ch\/bay\/wp-content\/uploads\/2024\/03\/Alaia-Bay-Opening.jpg\" \/>\n\t<meta property=\"og:image:width\" content=\"1400\" \/>\n\t<meta property=\"og:image:height\" content=\"933\" \/>\n\t<meta property=\"og:image:type\" content=\"image\/jpeg\" \/>\n<meta name=\"twitter:card\" content=\"summary_large_image\" \/>\n<meta name=\"twitter:label1\" content=\"Dur\u00e9e de lecture estim\u00e9e\" \/>\n\t<meta name=\"twitter:data1\" content=\"1 minute\" \/>\n<script type=\"application\/ld+json\" class=\"yoast-schema-graph\">{\"@context\":\"https:\\\/\\\/schema.org\",\"@graph\":[{\"@type\":\"WebPage\",\"@id\":\"https:\\\/\\\/alaia.ch\\\/bay\\\/news-post\\\/ouverture-dalaia-bay-le-3-mars-2023\\\/\",\"url\":\"https:\\\/\\\/alaia.ch\\\/bay\\\/news-post\\\/ouverture-dalaia-bay-le-3-mars-2023\\\/\",\"name\":\"OUVERTURE D\u2019ALA\u00cfA BAY LE 3 MARS 2023 - Ala\u00efa Bay\",\"isPartOf\":{\"@id\":\"https:\\\/\\\/alaia.ch\\\/bay\\\/#website\"},\"primaryImageOfPage\":{\"@id\":\"https:\\\/\\\/alaia.ch\\\/bay\\\/news-post\\\/ouverture-dalaia-bay-le-3-mars-2023\\\/#primaryimage\"},\"image\":{\"@id\":\"https:\\\/\\\/alaia.ch\\\/bay\\\/news-post\\\/ouverture-dalaia-bay-le-3-mars-2023\\\/#primaryimage\"},\"thumbnailUrl\":\"https:\\\/\\\/alaia.ch\\\/bay\\\/wp-content\\\/uploads\\\/2024\\\/03\\\/Alaia-Bay-Opening.jpg\",\"datePublished\":\"2023-02-07T17:26:04+00:00\",\"dateModified\":\"2024-04-05T08:46:59+00:00\",\"breadcrumb\":{\"@id\":\"https:\\\/\\\/alaia.ch\\\/bay\\\/news-post\\\/ouverture-dalaia-bay-le-3-mars-2023\\\/#breadcrumb\"},\"inLanguage\":\"fr-FR\",\"potentialAction\":[{\"@type\":\"ReadAction\",\"target\":[\"https:\\\/\\\/alaia.ch\\\/bay\\\/news-post\\\/ouverture-dalaia-bay-le-3-mars-2023\\\/\"]}]},{\"@type\":\"ImageObject\",\"inLanguage\":\"fr-FR\",\"@id\":\"https:\\\/\\\/alaia.ch\\\/bay\\\/news-post\\\/ouverture-dalaia-bay-le-3-mars-2023\\\/#primaryimage\",\"url\":\"https:\\\/\\\/alaia.ch\\\/bay\\\/wp-content\\\/uploads\\\/2024\\\/03\\\/Alaia-Bay-Opening.jpg\",\"contentUrl\":\"https:\\\/\\\/alaia.ch\\\/bay\\\/wp-content\\\/uploads\\\/2024\\\/03\\\/Alaia-Bay-Opening.jpg\",\"width\":1400,\"height\":933,\"caption\":\"Alaia Bay Opening 2023\"},{\"@type\":\"BreadcrumbList\",\"@id\":\"https:\\\/\\\/alaia.ch\\\/bay\\\/news-post\\\/ouverture-dalaia-bay-le-3-mars-2023\\\/#breadcrumb\",\"itemListElement\":[{\"@type\":\"ListItem\",\"position\":1,\"name\":\"Home\",\"item\":\"https:\\\/\\\/alaia.ch\\\/bay\\\/\"},{\"@type\":\"ListItem\",\"position\":2,\"name\":\"News\",\"item\":\"https:\\\/\\\/alaia.ch\\\/bay\\\/news\\\/\"},{\"@type\":\"ListItem\",\"position\":3,\"name\":\"OUVERTURE D\u2019ALA\u00cfA BAY LE 3 MARS 2023\"}]},{\"@type\":\"WebSite\",\"@id\":\"https:\\\/\\\/alaia.ch\\\/bay\\\/#website\",\"url\":\"https:\\\/\\\/alaia.ch\\\/bay\\\/\",\"name\":\"Ala\u00efa Bay\",\"description\":\"Surf the Swiss Alps!\",\"publisher\":{\"@id\":\"https:\\\/\\\/alaia.ch\\\/bay\\\/#organization\"},\"potentialAction\":[{\"@type\":\"SearchAction\",\"target\":{\"@type\":\"EntryPoint\",\"urlTemplate\":\"https:\\\/\\\/alaia.ch\\\/bay\\\/?s={search_term_string}\"},\"query-input\":{\"@type\":\"PropertyValueSpecification\",\"valueRequired\":true,\"valueName\":\"search_term_string\"}}],\"inLanguage\":\"fr-FR\"},{\"@type\":\"Organization\",\"@id\":\"https:\\\/\\\/alaia.ch\\\/bay\\\/#organization\",\"name\":\"Ala\u00efa Bay\",\"url\":\"https:\\\/\\\/alaia.ch\\\/bay\\\/\",\"logo\":{\"@type\":\"ImageObject\",\"inLanguage\":\"fr-FR\",\"@id\":\"https:\\\/\\\/alaia.ch\\\/bay\\\/#\\\/schema\\\/logo\\\/image\\\/\",\"url\":\"https:\\\/\\\/alaia.ch\\\/bay\\\/wp-content\\\/uploads\\\/2024\\\/05\\\/logo-alaia-bay.png\",\"contentUrl\":\"https:\\\/\\\/alaia.ch\\\/bay\\\/wp-content\\\/uploads\\\/2024\\\/05\\\/logo-alaia-bay.png\",\"width\":160,\"height\":160,\"caption\":\"Ala\u00efa Bay\"},\"image\":{\"@id\":\"https:\\\/\\\/alaia.ch\\\/bay\\\/#\\\/schema\\\/logo\\\/image\\\/\"},\"sameAs\":[\"https:\\\/\\\/www.facebook.com\\\/alaia.bay\\\/\",\"https:\\\/\\\/www.instagram.com\\\/alaia.bay\\\/?hl=en\",\"https:\\\/\\\/www.youtube.com\\\/c\\\/AlaaActionSports\\\/\",\"https:\\\/\\\/www.linkedin.com\\\/company\\\/alaa-sa\",\"https:\\\/\\\/www.tiktok.com\\\/@alaia.actionsports\"]}]}<\/script>\n<!-- \/ Yoast SEO plugin. -->","yoast_head_json":{"title":"OUVERTURE D\u2019ALA\u00cfA BAY LE 3 MARS 2023 - Ala\u00efa Bay","robots":{"index":"index","follow":"follow","max-snippet":"max-snippet:-1","max-image-preview":"max-image-preview:large","max-video-preview":"max-video-preview:-1"},"canonical":"https:\/\/alaia.ch\/bay\/news-post\/ouverture-dalaia-bay-le-3-mars-2023\/","og_locale":"fr_FR","og_type":"article","og_title":"OUVERTURE D\u2019ALA\u00cfA BAY LE 3 MARS 2023 - Ala\u00efa Bay","og_description":"ALA\u00cfA BAY vous accueille \u00e0 nouveau d\u00e8s le mois de mars, du mercredi au dimanche, pour des sessions de surf du niveau Malibu \u00e0 Beast. Les cours D\u00e9butants et Waikiki, qui n\u00e9cessitent un accompagnement dans l\u2019eau par nos moniteurs, seront disponibles au public d\u00e8s le 1er avril.","og_url":"https:\/\/alaia.ch\/bay\/news-post\/ouverture-dalaia-bay-le-3-mars-2023\/","og_site_name":"Ala\u00efa Bay","article_publisher":"https:\/\/www.facebook.com\/alaia.bay\/","article_modified_time":"2024-04-05T08:46:59+00:00","og_image":[{"width":1400,"height":933,"url":"https:\/\/alaia.ch\/bay\/wp-content\/uploads\/2024\/03\/Alaia-Bay-Opening.jpg","type":"image\/jpeg"}],"twitter_card":"summary_large_image","twitter_misc":{"Dur\u00e9e de lecture estim\u00e9e":"1 minute"},"schema":{"@context":"https:\/\/schema.org","@graph":[{"@type":"WebPage","@id":"https:\/\/alaia.ch\/bay\/news-post\/ouverture-dalaia-bay-le-3-mars-2023\/","url":"https:\/\/alaia.ch\/bay\/news-post\/ouverture-dalaia-bay-le-3-mars-2023\/","name":"OUVERTURE D\u2019ALA\u00cfA BAY LE 3 MARS 2023 - Ala\u00efa Bay","isPartOf":{"@id":"https:\/\/alaia.ch\/bay\/#website"},"primaryImageOfPage":{"@id":"https:\/\/alaia.ch\/bay\/news-post\/ouverture-dalaia-bay-le-3-mars-2023\/#primaryimage"},"image":{"@id":"https:\/\/alaia.ch\/bay\/news-post\/ouverture-dalaia-bay-le-3-mars-2023\/#primaryimage"},"thumbnailUrl":"https:\/\/alaia.ch\/bay\/wp-content\/uploads\/2024\/03\/Alaia-Bay-Opening.jpg","datePublished":"2023-02-07T17:26:04+00:00","dateModified":"2024-04-05T08:46:59+00:00","breadcrumb":{"@id":"https:\/\/alaia.ch\/bay\/news-post\/ouverture-dalaia-bay-le-3-mars-2023\/#breadcrumb"},"inLanguage":"fr-FR","potentialAction":[{"@type":"ReadAction","target":["https:\/\/alaia.ch\/bay\/news-post\/ouverture-dalaia-bay-le-3-mars-2023\/"]}]},{"@type":"ImageObject","inLanguage":"fr-FR","@id":"https:\/\/alaia.ch\/bay\/news-post\/ouverture-dalaia-bay-le-3-mars-2023\/#primaryimage","url":"https:\/\/alaia.ch\/bay\/wp-content\/uploads\/2024\/03\/Alaia-Bay-Opening.jpg","contentUrl":"https:\/\/alaia.ch\/bay\/wp-content\/uploads\/2024\/03\/Alaia-Bay-Opening.jpg","width":1400,"height":933,"caption":"Alaia Bay Opening 2023"},{"@type":"BreadcrumbList","@id":"https:\/\/alaia.ch\/bay\/news-post\/ouverture-dalaia-bay-le-3-mars-2023\/#breadcrumb","itemListElement":[{"@type":"ListItem","position":1,"name":"Home","item":"https:\/\/alaia.ch\/bay\/"},{"@type":"ListItem","position":2,"name":"News","item":"https:\/\/alaia.ch\/bay\/news\/"},{"@type":"ListItem","position":3,"name":"OUVERTURE D\u2019ALA\u00cfA BAY LE 3 MARS 2023"}]},{"@type":"WebSite","@id":"https:\/\/alaia.ch\/bay\/#website","url":"https:\/\/alaia.ch\/bay\/","name":"Ala\u00efa Bay","description":"Surf the Swiss Alps!","publisher":{"@id":"https:\/\/alaia.ch\/bay\/#organization"},"potentialAction":[{"@type":"SearchAction","target":{"@type":"EntryPoint","urlTemplate":"https:\/\/alaia.ch\/bay\/?s={search_term_string}"},"query-input":{"@type":"PropertyValueSpecification","valueRequired":true,"valueName":"search_term_string"}}],"inLanguage":"fr-FR"},{"@type":"Organization","@id":"https:\/\/alaia.ch\/bay\/#organization","name":"Ala\u00efa Bay","url":"https:\/\/alaia.ch\/bay\/","logo":{"@type":"ImageObject","inLanguage":"fr-FR","@id":"https:\/\/alaia.ch\/bay\/#\/schema\/logo\/image\/","url":"https:\/\/alaia.ch\/bay\/wp-content\/uploads\/2024\/05\/logo-alaia-bay.png","contentUrl":"https:\/\/alaia.ch\/bay\/wp-content\/uploads\/2024\/05\/logo-alaia-bay.png","width":160,"height":160,"caption":"Ala\u00efa Bay"},"image":{"@id":"https:\/\/alaia.ch\/bay\/#\/schema\/logo\/image\/"},"sameAs":["https:\/\/www.facebook.com\/alaia.bay\/","https:\/\/www.instagram.com\/alaia.bay\/?hl=en","https:\/\/www.youtube.com\/c\/AlaaActionSports\/","https:\/\/www.linkedin.com\/company\/alaa-sa","https:\/\/www.tiktok.com\/@alaia.actionsports"]}]}},"_links":{"self":[{"href":"https:\/\/alaia.ch\/bay\/wp-json\/wp\/v2\/news-post\/1868","targetHints":{"allow":["GET"]}}],"collection":[{"href":"https:\/\/alaia.ch\/bay\/wp-json\/wp\/v2\/news-post"}],"about":[{"href":"https:\/\/alaia.ch\/bay\/wp-json\/wp\/v2\/types\/news-post"}],"version-history":[{"count":1,"href":"https:\/\/alaia.ch\/bay\/wp-json\/wp\/v2\/news-post\/1868\/revisions"}],"predecessor-version":[{"id":1872,"href":"https:\/\/alaia.ch\/bay\/wp-json\/wp\/v2\/news-post\/1868\/revisions\/1872"}],"wp:featuredmedia":[{"embeddable":true,"href":"https:\/\/alaia.ch\/bay\/wp-json\/wp\/v2\/media\/1869"}],"wp:attachment":[{"href":"https:\/\/alaia.ch\/bay\/wp-json\/wp\/v2\/media?parent=1868"}],"curies":[{"name":"wp","href":"https:\/\/api.w.org\/{rel}","templated":true}]}}