{"id":1877,"date":"2023-02-07T18:26:04","date_gmt":"2023-02-07T17:26:04","guid":{"rendered":"https:\/\/oq3rebfwlb.preview.infomaniak.website\/news-post\/alaia-bay-opening-on-march-3rd-2023\/"},"modified":"2026-03-18T09:51:39","modified_gmt":"2026-03-18T08:51:39","slug":"alaia-bay-wiedereroeffnung-am-3-maerz-2023","status":"publish","type":"news-post","link":"https:\/\/alaia.ch\/bay\/de\/news-post\/alaia-bay-wiedereroeffnung-am-3-maerz-2023\/","title":{"rendered":"ALA\u00cfA BAY WIEDERER\u00d6FFNUNG AM 3. M\u00c4RZ 2023"},"content":{"rendered":"<p><img loading=\"lazy\" decoding=\"async\" class=\"aligncenter size-full wp-image-1869\" src=\"https:\/\/alaia.ch\/bay\/wp-content\/uploads\/2024\/03\/Alaia-Bay-Opening.jpg\" alt=\"Alaia Bay Opening 2023\" width=\"1400\" height=\"933\" srcset=\"https:\/\/alaia.ch\/bay\/wp-content\/uploads\/2024\/03\/Alaia-Bay-Opening.jpg 1400w, https:\/\/alaia.ch\/bay\/wp-content\/uploads\/2024\/03\/Alaia-Bay-Opening-300x200.jpg 300w, https:\/\/alaia.ch\/bay\/wp-content\/uploads\/2024\/03\/Alaia-Bay-Opening-1024x682.jpg 1024w, https:\/\/alaia.ch\/bay\/wp-content\/uploads\/2024\/03\/Alaia-Bay-Opening-768x512.jpg 768w\" sizes=\"auto, (max-width: 1400px) 100vw, 1400px\" \/><\/p>\n<p>&nbsp;<\/p>\n<p>ALA\u00cfA BAY heisst euch im M\u00e4rz wieder willkommen, von Mittwoch bis Sonntag, f\u00fcr Surfkurse von Malibu bis Beast Level. Die Anf\u00e4nger- und Waikiki-Kurse, bei denen die Surflehrer f\u00fcr die Dauer des Kurses im Wasser sein m\u00fcssen, werden ab dem 1. April f\u00fcr die \u00d6ffentlichkeit zug\u00e4nglich sein.<\/p>\n<p>&nbsp;<\/p>\n<h4><strong>Die \u00d6ffnungszeiten von Ala\u00efa Bay vom 3. bis 31. M\u00e4rz sind wie folgt:<\/strong><\/h4>\n<p>\u2022 Montag, Mittwoch und Donnerstag: 11.00 \u2013 18.00 Uhr<br \/>\n\u2022 Dienstag: geschlossen (auf Anfrage f\u00fcr den privaten Gebrauch ge\u00f6ffnet)<br \/>\n\u2022 Freitag: 11 Uhr bis 19 Uhr<br \/>\n\u2022 Samstag: 10 Uhr \u2013 19 Uhr<br \/>\n\u2022 Sonntag: 10 \u2013 18 Uhr<\/p>\n<p>Die Rezeption der Ala\u00efa Bay \u00f6ffnet immer 1 Stunde vor der ersten Session und 30 Minuten nach dem Ende der letzten Session.<\/p>\n<p>&nbsp;<\/p>\n<h4><strong>Das Restaurant Twin Fin \u00f6ffnet ebenfalls seine Pforten, um sich nach einer Session zu st\u00e4rken oder einfach nur, um den Surfern in Action zu beobachten.<\/strong><\/h4>\n<p>\u2022 Montag, Mittwoch bis Freitag: 10 Uhr \u2013 22 Uhr<br \/>\n\u2022 Tuesday: geschlossen<br \/>\n\u2022 Samstag und Sonntag : 9 Uhr \u2013 22 Uhr<\/p>\n<p>&nbsp;<\/p>\n<p>Du kannst jetzt die Session deiner Wahl auf unserer Website buchen!<\/p>\n<p>Das gesamte Ala\u00efa Bay Team freut sich darauf, dich wieder begr\u00fcssen zu d\u00fcrfen und freut sich auf die 3. Saison!<\/p>\n","protected":false},"excerpt":{"rendered":"<p>ALA\u00cfA BAY heisst euch im M\u00e4rz wieder willkommen, von Mittwoch bis Sonntag, f\u00fcr Surfkurse von Malibu bis Beast Level. Die Anf\u00e4nger- und Waikiki-Kurse, bei denen die Surflehrer f\u00fcr die Dauer des Kurses im Wasser sein m\u00fcssen, werden ab dem 1. April f\u00fcr die \u00d6ffentlichkeit zug\u00e4nglich sein.<\/p>\n","protected":false},"featured_media":1871,"template":"","class_list":["post-1877","news-post","type-news-post","status-publish","has-post-thumbnail","hentry","entry"],"acf":[],"yoast_head":"<!-- This site is optimized with the Yoast SEO plugin v27.3 - https:\/\/yoast.com\/product\/yoast-seo-wordpress\/ -->\n<title>ALA\u00cfA BAY WIEDERER\u00d6FFNUNG AM 3. M\u00c4RZ 2023 - Ala\u00efa Bay<\/title>\n<meta name=\"robots\" content=\"index, follow, max-snippet:-1, max-image-preview:large, max-video-preview:-1\" \/>\n<link rel=\"canonical\" href=\"https:\/\/alaia.ch\/bay\/de\/news-post\/alaia-bay-wiedereroeffnung-am-3-maerz-2023\/\" \/>\n<meta property=\"og:locale\" content=\"de_DE\" \/>\n<meta property=\"og:type\" content=\"article\" \/>\n<meta property=\"og:title\" content=\"ALA\u00cfA BAY WIEDERER\u00d6FFNUNG AM 3. M\u00c4RZ 2023 - Ala\u00efa Bay\" \/>\n<meta property=\"og:description\" content=\"ALA\u00cfA BAY heisst euch im M\u00e4rz wieder willkommen, von Mittwoch bis Sonntag, f\u00fcr Surfkurse von Malibu bis Beast Level. Die Anf\u00e4nger- und Waikiki-Kurse, bei denen die Surflehrer f\u00fcr die Dauer des Kurses im Wasser sein m\u00fcssen, werden ab dem 1. April f\u00fcr die \u00d6ffentlichkeit zug\u00e4nglich sein.\" \/>\n<meta property=\"og:url\" content=\"https:\/\/alaia.ch\/bay\/de\/news-post\/alaia-bay-wiedereroeffnung-am-3-maerz-2023\/\" \/>\n<meta property=\"og:site_name\" content=\"Ala\u00efa Bay\" \/>\n<meta property=\"article:publisher\" content=\"https:\/\/www.facebook.com\/alaia.bay\/\" \/>\n<meta property=\"article:modified_time\" content=\"2026-03-18T08:51:39+00:00\" \/>\n<meta property=\"og:image\" content=\"https:\/\/alaia.ch\/bay\/wp-content\/uploads\/2024\/03\/Alaia-Bay-Opening.jpg\" \/>\n\t<meta property=\"og:image:width\" content=\"1400\" \/>\n\t<meta property=\"og:image:height\" content=\"933\" \/>\n\t<meta property=\"og:image:type\" content=\"image\/jpeg\" \/>\n<meta name=\"twitter:card\" content=\"summary_large_image\" \/>\n<meta name=\"twitter:label1\" content=\"Gesch\u00e4tzte Lesezeit\" \/>\n\t<meta name=\"twitter:data1\" content=\"1\u00a0Minute\" \/>\n<script type=\"application\/ld+json\" class=\"yoast-schema-graph\">{\"@context\":\"https:\\\/\\\/schema.org\",\"@graph\":[{\"@type\":\"WebPage\",\"@id\":\"https:\\\/\\\/alaia.ch\\\/bay\\\/de\\\/news-post\\\/alaia-bay-wiedereroeffnung-am-3-maerz-2023\\\/\",\"url\":\"https:\\\/\\\/alaia.ch\\\/bay\\\/de\\\/news-post\\\/alaia-bay-wiedereroeffnung-am-3-maerz-2023\\\/\",\"name\":\"ALA\u00cfA BAY WIEDERER\u00d6FFNUNG AM 3. M\u00c4RZ 2023 - Ala\u00efa Bay\",\"isPartOf\":{\"@id\":\"https:\\\/\\\/alaia.ch\\\/bay\\\/#website\"},\"primaryImageOfPage\":{\"@id\":\"https:\\\/\\\/alaia.ch\\\/bay\\\/de\\\/news-post\\\/alaia-bay-wiedereroeffnung-am-3-maerz-2023\\\/#primaryimage\"},\"image\":{\"@id\":\"https:\\\/\\\/alaia.ch\\\/bay\\\/de\\\/news-post\\\/alaia-bay-wiedereroeffnung-am-3-maerz-2023\\\/#primaryimage\"},\"thumbnailUrl\":\"https:\\\/\\\/alaia.ch\\\/bay\\\/wp-content\\\/uploads\\\/2024\\\/03\\\/Alaia-Bay-Opening.jpg\",\"datePublished\":\"2023-02-07T17:26:04+00:00\",\"dateModified\":\"2026-03-18T08:51:39+00:00\",\"breadcrumb\":{\"@id\":\"https:\\\/\\\/alaia.ch\\\/bay\\\/de\\\/news-post\\\/alaia-bay-wiedereroeffnung-am-3-maerz-2023\\\/#breadcrumb\"},\"inLanguage\":\"de\",\"potentialAction\":[{\"@type\":\"ReadAction\",\"target\":[\"https:\\\/\\\/alaia.ch\\\/bay\\\/de\\\/news-post\\\/alaia-bay-wiedereroeffnung-am-3-maerz-2023\\\/\"]}]},{\"@type\":\"ImageObject\",\"inLanguage\":\"de\",\"@id\":\"https:\\\/\\\/alaia.ch\\\/bay\\\/de\\\/news-post\\\/alaia-bay-wiedereroeffnung-am-3-maerz-2023\\\/#primaryimage\",\"url\":\"https:\\\/\\\/alaia.ch\\\/bay\\\/wp-content\\\/uploads\\\/2024\\\/03\\\/Alaia-Bay-Opening.jpg\",\"contentUrl\":\"https:\\\/\\\/alaia.ch\\\/bay\\\/wp-content\\\/uploads\\\/2024\\\/03\\\/Alaia-Bay-Opening.jpg\",\"width\":1400,\"height\":933,\"caption\":\"Alaia Bay Opening 2023\"},{\"@type\":\"BreadcrumbList\",\"@id\":\"https:\\\/\\\/alaia.ch\\\/bay\\\/de\\\/news-post\\\/alaia-bay-wiedereroeffnung-am-3-maerz-2023\\\/#breadcrumb\",\"itemListElement\":[{\"@type\":\"ListItem\",\"position\":1,\"name\":\"Home\",\"item\":\"https:\\\/\\\/alaia.ch\\\/bay\\\/de\\\/\"},{\"@type\":\"ListItem\",\"position\":2,\"name\":\"News\",\"item\":\"https:\\\/\\\/alaia.ch\\\/bay\\\/news\\\/\"},{\"@type\":\"ListItem\",\"position\":3,\"name\":\"ALA\u00cfA BAY WIEDERER\u00d6FFNUNG AM 3. M\u00c4RZ 2023\"}]},{\"@type\":\"WebSite\",\"@id\":\"https:\\\/\\\/alaia.ch\\\/bay\\\/#website\",\"url\":\"https:\\\/\\\/alaia.ch\\\/bay\\\/\",\"name\":\"Ala\u00efa Bay\",\"description\":\"Surf the Swiss Alps!\",\"publisher\":{\"@id\":\"https:\\\/\\\/alaia.ch\\\/bay\\\/#organization\"},\"potentialAction\":[{\"@type\":\"SearchAction\",\"target\":{\"@type\":\"EntryPoint\",\"urlTemplate\":\"https:\\\/\\\/alaia.ch\\\/bay\\\/?s={search_term_string}\"},\"query-input\":{\"@type\":\"PropertyValueSpecification\",\"valueRequired\":true,\"valueName\":\"search_term_string\"}}],\"inLanguage\":\"de\"},{\"@type\":\"Organization\",\"@id\":\"https:\\\/\\\/alaia.ch\\\/bay\\\/#organization\",\"name\":\"Ala\u00efa Bay\",\"url\":\"https:\\\/\\\/alaia.ch\\\/bay\\\/\",\"logo\":{\"@type\":\"ImageObject\",\"inLanguage\":\"de\",\"@id\":\"https:\\\/\\\/alaia.ch\\\/bay\\\/#\\\/schema\\\/logo\\\/image\\\/\",\"url\":\"https:\\\/\\\/alaia.ch\\\/bay\\\/wp-content\\\/uploads\\\/2024\\\/05\\\/logo-alaia-bay.png\",\"contentUrl\":\"https:\\\/\\\/alaia.ch\\\/bay\\\/wp-content\\\/uploads\\\/2024\\\/05\\\/logo-alaia-bay.png\",\"width\":160,\"height\":160,\"caption\":\"Ala\u00efa Bay\"},\"image\":{\"@id\":\"https:\\\/\\\/alaia.ch\\\/bay\\\/#\\\/schema\\\/logo\\\/image\\\/\"},\"sameAs\":[\"https:\\\/\\\/www.facebook.com\\\/alaia.bay\\\/\",\"https:\\\/\\\/www.instagram.com\\\/alaia.bay\\\/?hl=en\",\"https:\\\/\\\/www.youtube.com\\\/c\\\/AlaaActionSports\\\/\",\"https:\\\/\\\/www.linkedin.com\\\/company\\\/alaa-sa\",\"https:\\\/\\\/www.tiktok.com\\\/@alaia.actionsports\"]}]}<\/script>\n<!-- \/ Yoast SEO plugin. -->","yoast_head_json":{"title":"ALA\u00cfA BAY WIEDERER\u00d6FFNUNG AM 3. M\u00c4RZ 2023 - Ala\u00efa Bay","robots":{"index":"index","follow":"follow","max-snippet":"max-snippet:-1","max-image-preview":"max-image-preview:large","max-video-preview":"max-video-preview:-1"},"canonical":"https:\/\/alaia.ch\/bay\/de\/news-post\/alaia-bay-wiedereroeffnung-am-3-maerz-2023\/","og_locale":"de_DE","og_type":"article","og_title":"ALA\u00cfA BAY WIEDERER\u00d6FFNUNG AM 3. M\u00c4RZ 2023 - Ala\u00efa Bay","og_description":"ALA\u00cfA BAY heisst euch im M\u00e4rz wieder willkommen, von Mittwoch bis Sonntag, f\u00fcr Surfkurse von Malibu bis Beast Level. Die Anf\u00e4nger- und Waikiki-Kurse, bei denen die Surflehrer f\u00fcr die Dauer des Kurses im Wasser sein m\u00fcssen, werden ab dem 1. April f\u00fcr die \u00d6ffentlichkeit zug\u00e4nglich sein.","og_url":"https:\/\/alaia.ch\/bay\/de\/news-post\/alaia-bay-wiedereroeffnung-am-3-maerz-2023\/","og_site_name":"Ala\u00efa Bay","article_publisher":"https:\/\/www.facebook.com\/alaia.bay\/","article_modified_time":"2026-03-18T08:51:39+00:00","og_image":[{"width":1400,"height":933,"url":"https:\/\/alaia.ch\/bay\/wp-content\/uploads\/2024\/03\/Alaia-Bay-Opening.jpg","type":"image\/jpeg"}],"twitter_card":"summary_large_image","twitter_misc":{"Gesch\u00e4tzte Lesezeit":"1\u00a0Minute"},"schema":{"@context":"https:\/\/schema.org","@graph":[{"@type":"WebPage","@id":"https:\/\/alaia.ch\/bay\/de\/news-post\/alaia-bay-wiedereroeffnung-am-3-maerz-2023\/","url":"https:\/\/alaia.ch\/bay\/de\/news-post\/alaia-bay-wiedereroeffnung-am-3-maerz-2023\/","name":"ALA\u00cfA BAY WIEDERER\u00d6FFNUNG AM 3. M\u00c4RZ 2023 - Ala\u00efa Bay","isPartOf":{"@id":"https:\/\/alaia.ch\/bay\/#website"},"primaryImageOfPage":{"@id":"https:\/\/alaia.ch\/bay\/de\/news-post\/alaia-bay-wiedereroeffnung-am-3-maerz-2023\/#primaryimage"},"image":{"@id":"https:\/\/alaia.ch\/bay\/de\/news-post\/alaia-bay-wiedereroeffnung-am-3-maerz-2023\/#primaryimage"},"thumbnailUrl":"https:\/\/alaia.ch\/bay\/wp-content\/uploads\/2024\/03\/Alaia-Bay-Opening.jpg","datePublished":"2023-02-07T17:26:04+00:00","dateModified":"2026-03-18T08:51:39+00:00","breadcrumb":{"@id":"https:\/\/alaia.ch\/bay\/de\/news-post\/alaia-bay-wiedereroeffnung-am-3-maerz-2023\/#breadcrumb"},"inLanguage":"de","potentialAction":[{"@type":"ReadAction","target":["https:\/\/alaia.ch\/bay\/de\/news-post\/alaia-bay-wiedereroeffnung-am-3-maerz-2023\/"]}]},{"@type":"ImageObject","inLanguage":"de","@id":"https:\/\/alaia.ch\/bay\/de\/news-post\/alaia-bay-wiedereroeffnung-am-3-maerz-2023\/#primaryimage","url":"https:\/\/alaia.ch\/bay\/wp-content\/uploads\/2024\/03\/Alaia-Bay-Opening.jpg","contentUrl":"https:\/\/alaia.ch\/bay\/wp-content\/uploads\/2024\/03\/Alaia-Bay-Opening.jpg","width":1400,"height":933,"caption":"Alaia Bay Opening 2023"},{"@type":"BreadcrumbList","@id":"https:\/\/alaia.ch\/bay\/de\/news-post\/alaia-bay-wiedereroeffnung-am-3-maerz-2023\/#breadcrumb","itemListElement":[{"@type":"ListItem","position":1,"name":"Home","item":"https:\/\/alaia.ch\/bay\/de\/"},{"@type":"ListItem","position":2,"name":"News","item":"https:\/\/alaia.ch\/bay\/news\/"},{"@type":"ListItem","position":3,"name":"ALA\u00cfA BAY WIEDERER\u00d6FFNUNG AM 3. M\u00c4RZ 2023"}]},{"@type":"WebSite","@id":"https:\/\/alaia.ch\/bay\/#website","url":"https:\/\/alaia.ch\/bay\/","name":"Ala\u00efa Bay","description":"Surf the Swiss Alps!","publisher":{"@id":"https:\/\/alaia.ch\/bay\/#organization"},"potentialAction":[{"@type":"SearchAction","target":{"@type":"EntryPoint","urlTemplate":"https:\/\/alaia.ch\/bay\/?s={search_term_string}"},"query-input":{"@type":"PropertyValueSpecification","valueRequired":true,"valueName":"search_term_string"}}],"inLanguage":"de"},{"@type":"Organization","@id":"https:\/\/alaia.ch\/bay\/#organization","name":"Ala\u00efa Bay","url":"https:\/\/alaia.ch\/bay\/","logo":{"@type":"ImageObject","inLanguage":"de","@id":"https:\/\/alaia.ch\/bay\/#\/schema\/logo\/image\/","url":"https:\/\/alaia.ch\/bay\/wp-content\/uploads\/2024\/05\/logo-alaia-bay.png","contentUrl":"https:\/\/alaia.ch\/bay\/wp-content\/uploads\/2024\/05\/logo-alaia-bay.png","width":160,"height":160,"caption":"Ala\u00efa Bay"},"image":{"@id":"https:\/\/alaia.ch\/bay\/#\/schema\/logo\/image\/"},"sameAs":["https:\/\/www.facebook.com\/alaia.bay\/","https:\/\/www.instagram.com\/alaia.bay\/?hl=en","https:\/\/www.youtube.com\/c\/AlaaActionSports\/","https:\/\/www.linkedin.com\/company\/alaa-sa","https:\/\/www.tiktok.com\/@alaia.actionsports"]}]}},"_links":{"self":[{"href":"https:\/\/alaia.ch\/bay\/de\/wp-json\/wp\/v2\/news-post\/1877","targetHints":{"allow":["GET"]}}],"collection":[{"href":"https:\/\/alaia.ch\/bay\/de\/wp-json\/wp\/v2\/news-post"}],"about":[{"href":"https:\/\/alaia.ch\/bay\/de\/wp-json\/wp\/v2\/types\/news-post"}],"version-history":[{"count":1,"href":"https:\/\/alaia.ch\/bay\/de\/wp-json\/wp\/v2\/news-post\/1877\/revisions"}],"predecessor-version":[{"id":1878,"href":"https:\/\/alaia.ch\/bay\/de\/wp-json\/wp\/v2\/news-post\/1877\/revisions\/1878"}],"wp:featuredmedia":[{"embeddable":true,"href":"https:\/\/alaia.ch\/bay\/de\/wp-json\/wp\/v2\/media\/1871"}],"wp:attachment":[{"href":"https:\/\/alaia.ch\/bay\/de\/wp-json\/wp\/v2\/media?parent=1877"}],"curies":[{"name":"wp","href":"https:\/\/api.w.org\/{rel}","templated":true}]}}